{"@context":"https:\/\/schema.org\/","@type":"CollectionPage","@id":"https:\/\/www.iwwe.cz\/zdravi\/#CollectionPage","headline":"Zdrav\u00ed Category","description":"","url":"https:\/\/www.iwwe.cz\/zdravi\/","hasPart":[{"@type":"Article","@id":"https:\/\/www.iwwe.cz\/echinacea-prirodni-lek-na-imunitu\/","headline":"Echinacea \u2013 p\u0159\u00edrodn\u00ed l\u00e9k na imunitu","url":"https:\/\/www.iwwe.cz\/echinacea-prirodni-lek-na-imunitu\/","datePublished":"2025-03-06","dateModified":"2023-05-01","mainEntityOfPage":"https:\/\/www.iwwe.cz\/echinacea-prirodni-lek-na-imunitu\/","author":{"@type":"Person","@id":"https:\/\/www.iwwe.cz\/author\/#Person","name":"","url":"https:\/\/www.iwwe.cz\/author\/","identifier":1,"image":{"@type":"ImageObject","@id":"https:\/\/secure.gravatar.com\/avatar\/7726f7b8e3ba8979c4cf2ad896cb2e8cc05af8ceb17ce4fb40617b72e0be53b4?s=96&d=mm&r=g","url":"https:\/\/secure.gravatar.com\/avatar\/7726f7b8e3ba8979c4cf2ad896cb2e8cc05af8ceb17ce4fb40617b72e0be53b4?s=96&d=mm&r=g","height":96,"width":96}},"publisher":{"@type":"Organization","name":"iwwe.cz","logo":{"@type":"ImageObject","@id":"\/logo.png","url":"\/logo.png","width":600,"height":60}},"image":{"@type":"ImageObject","@id":"https:\/\/www.iwwe.cz\/wp-content\/uploads\/img_a337901_w2619_t1550771492.jpg","url":"https:\/\/www.iwwe.cz\/wp-content\/uploads\/img_a337901_w2619_t1550771492.jpg","height":0,"width":0},"keywords":null},{"@type":"Article","@id":"https:\/\/www.iwwe.cz\/zdravi-v-salku-caje-rooibos\/","headline":"Zdrav\u00ed v \u0161\u00e1lku \u010daje Rooibos","url":"https:\/\/www.iwwe.cz\/zdravi-v-salku-caje-rooibos\/","datePublished":"2025-03-01","dateModified":"2023-05-01","mainEntityOfPage":"https:\/\/www.iwwe.cz\/zdravi-v-salku-caje-rooibos\/","author":{"@type":"Person","@id":"https:\/\/www.iwwe.cz\/author\/#Person","name":"","url":"https:\/\/www.iwwe.cz\/author\/","identifier":1,"image":{"@type":"ImageObject","@id":"https:\/\/secure.gravatar.com\/avatar\/7726f7b8e3ba8979c4cf2ad896cb2e8cc05af8ceb17ce4fb40617b72e0be53b4?s=96&d=mm&r=g","url":"https:\/\/secure.gravatar.com\/avatar\/7726f7b8e3ba8979c4cf2ad896cb2e8cc05af8ceb17ce4fb40617b72e0be53b4?s=96&d=mm&r=g","height":96,"width":96}},"publisher":{"@type":"Organization","name":"iwwe.cz","logo":{"@type":"ImageObject","@id":"\/logo.png","url":"\/logo.png","width":600,"height":60}},"image":{"@type":"ImageObject","@id":"https:\/\/www.iwwe.cz\/wp-content\/uploads\/img_a327271_w2619_t1539523236.jpg","url":"https:\/\/www.iwwe.cz\/wp-content\/uploads\/img_a327271_w2619_t1539523236.jpg","height":0,"width":0},"keywords":null},{"@type":"Article","@id":"https:\/\/www.iwwe.cz\/psenice-je-soucasti-jidelnicku-lidstva-jiz-tisice-let\/","headline":"P\u0161enice je sou\u010d\u00e1st\u00ed j\u00eddeln\u00ed\u010dku lidstva ji\u017e tis\u00edce let","url":"https:\/\/www.iwwe.cz\/psenice-je-soucasti-jidelnicku-lidstva-jiz-tisice-let\/","datePublished":"2020-01-07","dateModified":"2023-05-31","mainEntityOfPage":"https:\/\/www.iwwe.cz\/psenice-je-soucasti-jidelnicku-lidstva-jiz-tisice-let\/","author":{"@type":"Person","@id":"https:\/\/www.iwwe.cz\/author\/#Person","name":"","url":"https:\/\/www.iwwe.cz\/author\/","identifier":1,"image":{"@type":"ImageObject","@id":"https:\/\/secure.gravatar.com\/avatar\/7726f7b8e3ba8979c4cf2ad896cb2e8cc05af8ceb17ce4fb40617b72e0be53b4?s=96&d=mm&r=g","url":"https:\/\/secure.gravatar.com\/avatar\/7726f7b8e3ba8979c4cf2ad896cb2e8cc05af8ceb17ce4fb40617b72e0be53b4?s=96&d=mm&r=g","height":96,"width":96}},"publisher":{"@type":"Organization","name":"iwwe.cz","logo":{"@type":"ImageObject","@id":"\/logo.png","url":"\/logo.png","width":600,"height":60}},"image":{"@type":"ImageObject","@id":"https:\/\/www.iwwe.cz\/wp-content\/uploads\/img_a379598_w4328_t1591171170.jpg","url":"https:\/\/www.iwwe.cz\/wp-content\/uploads\/img_a379598_w4328_t1591171170.jpg","height":0,"width":0},"keywords":null},{"@type":"Article","@id":"https:\/\/www.iwwe.cz\/pecujte-o-vase-zdravi-a-doprejte-si-zelene-potraviny\/","headline":"Pe\u010dujte o va\u0161e zdrav\u00ed a dop\u0159ejte si zelen\u00e9 potraviny","url":"https:\/\/www.iwwe.cz\/pecujte-o-vase-zdravi-a-doprejte-si-zelene-potraviny\/","datePublished":"2019-10-14","dateModified":"2023-05-01","mainEntityOfPage":"https:\/\/www.iwwe.cz\/pecujte-o-vase-zdravi-a-doprejte-si-zelene-potraviny\/","author":{"@type":"Person","@id":"https:\/\/www.iwwe.cz\/author\/#Person","name":"","url":"https:\/\/www.iwwe.cz\/author\/","identifier":1,"image":{"@type":"ImageObject","@id":"https:\/\/secure.gravatar.com\/avatar\/7726f7b8e3ba8979c4cf2ad896cb2e8cc05af8ceb17ce4fb40617b72e0be53b4?s=96&d=mm&r=g","url":"https:\/\/secure.gravatar.com\/avatar\/7726f7b8e3ba8979c4cf2ad896cb2e8cc05af8ceb17ce4fb40617b72e0be53b4?s=96&d=mm&r=g","height":96,"width":96}},"publisher":{"@type":"Organization","name":"iwwe.cz","logo":{"@type":"ImageObject","@id":"\/logo.png","url":"\/logo.png","width":600,"height":60}},"image":{"@type":"ImageObject","@id":"https:\/\/www.iwwe.cz\/wp-content\/uploads\/img_a373375_w2619_t1584709413.jpg","url":"https:\/\/www.iwwe.cz\/wp-content\/uploads\/img_a373375_w2619_t1584709413.jpg","height":0,"width":0},"keywords":null},{"@type":"Article","@id":"https:\/\/www.iwwe.cz\/vykonna-filtrace-je-zakladnim-kamenem-v-udrzbe-bazenove-vody\/","headline":"V\u00fdkonn\u00e1 filtrace je z\u00e1kladn\u00edm kamenem v \u00fadr\u017eb\u011b baz\u00e9nov\u00e9 vody","url":"https:\/\/www.iwwe.cz\/vykonna-filtrace-je-zakladnim-kamenem-v-udrzbe-bazenove-vody\/","datePublished":"2018-07-20","dateModified":"2023-05-01","mainEntityOfPage":"https:\/\/www.iwwe.cz\/vykonna-filtrace-je-zakladnim-kamenem-v-udrzbe-bazenove-vody\/","author":{"@type":"Person","@id":"https:\/\/www.iwwe.cz\/author\/#Person","name":"","url":"https:\/\/www.iwwe.cz\/author\/","identifier":1,"image":{"@type":"ImageObject","@id":"https:\/\/secure.gravatar.com\/avatar\/7726f7b8e3ba8979c4cf2ad896cb2e8cc05af8ceb17ce4fb40617b72e0be53b4?s=96&d=mm&r=g","url":"https:\/\/secure.gravatar.com\/avatar\/7726f7b8e3ba8979c4cf2ad896cb2e8cc05af8ceb17ce4fb40617b72e0be53b4?s=96&d=mm&r=g","height":96,"width":96}},"publisher":{"@type":"Organization","name":"iwwe.cz","logo":{"@type":"ImageObject","@id":"\/logo.png","url":"\/logo.png","width":600,"height":60}},"image":{"@type":"ImageObject","@id":"https:\/\/www.iwwe.cz\/wp-content\/uploads\/img_a320774_w1966_t1532067805.jpg","url":"https:\/\/www.iwwe.cz\/wp-content\/uploads\/img_a320774_w1966_t1532067805.jpg","height":0,"width":0},"keywords":null}]}