[{"@context":"https:\/\/schema.org\/","@type":"Article","@id":"https:\/\/www.iwwe.cz\/zeny-a-pristup-k-technice\/#Article","mainEntityOfPage":"https:\/\/www.iwwe.cz\/zeny-a-pristup-k-technice\/","headline":"\u017deny a p\u0159\u00edstup k technice","name":"\u017deny a p\u0159\u00edstup k technice","description":"Jsou \u017eeny, kter\u00e9 jsou schopny ud\u011blat s\u00a0technikou neskute\u010dn\u00e9 v\u011bci, ale jsou i takov\u00e9, kter\u00e9 technice p\u0159\u00edli\u0161 nerozum\u00ed a tak se do n\u011b\u010deho takov\u00e9ho rad\u011bji nehrnou, [&hellip;]","datePublished":"2022-12-31","dateModified":"2023-08-18","author":{"@type":"Person","@id":"https:\/\/www.iwwe.cz\/author\/#Person","name":"","url":"https:\/\/www.iwwe.cz\/author\/","identifier":1,"image":{"@type":"ImageObject","@id":"https:\/\/secure.gravatar.com\/avatar\/7726f7b8e3ba8979c4cf2ad896cb2e8cc05af8ceb17ce4fb40617b72e0be53b4?s=96&d=mm&r=g","url":"https:\/\/secure.gravatar.com\/avatar\/7726f7b8e3ba8979c4cf2ad896cb2e8cc05af8ceb17ce4fb40617b72e0be53b4?s=96&d=mm&r=g","height":96,"width":96}},"publisher":{"@type":"Organization","name":"iwwe.cz","logo":{"@type":"ImageObject","@id":"\/logo.png","url":"\/logo.png","width":600,"height":60}},"image":{"@type":"ImageObject","@id":"https:\/\/www.iwwe.cz\/wp-content\/uploads\/stro_6.JPG","url":"https:\/\/www.iwwe.cz\/wp-content\/uploads\/stro_6.JPG","height":0,"width":0},"url":"https:\/\/www.iwwe.cz\/zeny-a-pristup-k-technice\/","about":["Technika\r"],"wordCount":452,"articleBody":"Jsou \u017eeny, kter\u00e9 jsou schopny ud\u011blat s\u00a0technikou neskute\u010dn\u00e9 v\u011bci, ale jsou i takov\u00e9, kter\u00e9 technice p\u0159\u00edli\u0161 nerozum\u00ed a tak se do n\u011b\u010deho takov\u00e9ho rad\u011bji nehrnou, proto\u017ee necht\u011bj\u00ed, aby to dopadlo tak, \u017ee by se jim n\u011bkdo sm\u00e1l nebo by to nedopadlo dob\u0159e a dan\u00e1 v\u011bc by se mohla pokazit.Jsou ale i \u017eeny, kter\u00e9 jsou opravdu velice \u0161ikovn\u00e9 a s\u00a0technikou jim to nejen\u017ee jde, ale tak\u00e9 je to hlavn\u011b bav\u00ed. Pokud \u010dlov\u011bka n\u011bco bav\u00ed, je to rozhodn\u011b dob\u0159e a to u\u017e jen proto, \u017ee se najde mnoho lid\u00ed, kte\u0159\u00ed nikdy nena\u0161li nic, co by je bavilo. Bohu\u017eel i takov\u00e9 v\u011bci se st\u00e1vaj\u00ed a mnoh\u00fdm n\u011bco takov\u00e9ho m\u016f\u017ee p\u0159ipadat smutn\u00e9. Smutn\u00e9 to rozhodn\u011b je, ale bohu\u017eel takhle to chod\u00ed.Ka\u017ed\u00fd \u010dlov\u011bk by si m\u011bl naj\u00edt n\u011bco, co mu bude d\u011blat radost a to nap\u0159\u00edklad i kdyby se m\u011blo jednat o techniku. Najde se spousta lid\u00ed, kter\u00e9 bude bavit s\u00a0danou technikou jezdit, ale najdou se i tac\u00ed, kte\u0159\u00ed rad\u011bji up\u0159ednostn\u00ed to, \u017ee budou moct n\u011bco takov\u00e9ho rozeb\u00edrat a pot\u00e9 zase skl\u00e1dat. N\u011bco takov\u00e9ho nemus\u00ed bavit jen mu\u017ee, ale tak\u00e9 \u017eeny. I mnoh\u00e9 \u017eeny jsou velice \u0161ikovn\u00e9, co se t\u00fdk\u00e1 rozlo\u017een\u00ed a op\u011btovn\u00e9 slo\u017een\u00ed technick\u00fdch v\u011bc\u00ed.Je to skute\u010dn\u011b o tom, \u017ee ka\u017ed\u00fd si dnes m\u016f\u017ee naj\u00edt n\u011bco, co jej bude bavit, ale je pot\u0159eba danou v\u011bc naj\u00edt. I kdybyste m\u011bli hledat dlouho, bude d\u016fle\u017eit\u00e9 zejm\u00e9na to, \u017ee najdete.Ur\u010dit\u011b je dobr\u00e9 m\u00edt krom\u011b pr\u00e1ce je\u0161t\u011b n\u011bjak\u00fd kon\u00ed\u010dek, co\u017e znamen\u00e1, \u017ee m\u00edsto toho, abyste chodili jen do pr\u00e1ce a z\u00a0pr\u00e1ce, za\u010dnete po pr\u00e1ci d\u011blat n\u011bco, co v\u00e1s bav\u00ed a napl\u0148uje. Je ale pot\u0159eba br\u00e1t ohled i na to, pokud m\u00e1te p\u0159\u00edtelkyni nebo p\u0159\u00edtele, proto\u017ee pokud se budete va\u0161emu kon\u00ed\u010dku v\u011bnovat ka\u017ed\u00fd den a to a\u017e natolik, \u017ee budete dom\u016f chod\u00edvat a\u017e pozd\u011b ve\u010der kdy u\u017e dan\u00e1 \u017eena nebo mu\u017e sp\u00ed, m\u016f\u017ee to doj\u00edt tak daleko, \u017ee se s\u00a0v\u00e1mi dan\u00fd \u010dlov\u011bk rozejde, proto\u017ee na n\u011bco takov\u00e9ho nebude psychicky m\u00edt.Ka\u017ed\u00e9ho m\u016f\u017ee chytit pr\u00e1ce s\u00a0technikou a to opravdu i \u017eeny. Mnoho mu\u017e\u016f by jist\u011b bylo p\u0159ekvapeno t\u00edm, kolik \u017een n\u011bco takov\u00e9ho m\u016f\u017ee zaujmout.                                                                                                                                                                                                                                                                                                                                                                                        4.6\/5 - (10 votes)        "},{"@context":"https:\/\/schema.org\/","@type":"BreadcrumbList","itemListElement":[{"@type":"ListItem","position":1,"name":"\u017deny a p\u0159\u00edstup k technice","item":"https:\/\/www.iwwe.cz\/zeny-a-pristup-k-technice\/#breadcrumbitem"}]}]